{"id":1676,"date":"2025-08-05T17:00:00","date_gmt":"2025-08-06T00:00:00","guid":{"rendered":"https:\/\/mezcaliba.com\/fuimos-a-nueva-york-regresamos-con-un-premio\/"},"modified":"2025-07-28T17:02:39","modified_gmt":"2025-07-29T00:02:39","slug":"fuimos-a-nueva-york-regresamos-con-un-premio","status":"publish","type":"post","link":"https:\/\/mezcaliba.com\/es\/fuimos-a-nueva-york-regresamos-con-un-premio\/","title":{"rendered":"Fuimos a Nueva York. Regresamos con un premio."},"content":{"rendered":"\n<p><strong>Grandes noticias: <\/strong>IB\u00c1 acaba de obtener reconocimiento internacional por su galardonado dise\u00f1o de empaque en los <strong><a href=\"https:\/\/thedieline.com\/mezcal-iba-links-the-earth-the-sky-and-the-zapotec-culture\/\">Premios DIELINE 2025<\/a><\/strong> en la ciudad de Nueva York, y seguimos celebrando.<\/p>\n\n<p>Nuestra botella, creada por las mentes incre\u00edblemente talentosas de <strong><a href=\"https:\/\/faena-studio.org\/\" target=\"_blank\" rel=\"noreferrer noopener\">FAENA<\/a><\/strong> en la Ciudad de M\u00e9xico, no fue dise\u00f1ada solo para verse bien (aunque, seamos honestos, se ve <em>realmente<\/em> bien). Fue creada para <em>decir<\/em> algo. Para despertar curiosidad. Para detenerte a media copa y hacerte sentir algo. Seis botellas, seis colores inspirados en el cielo y una historia sin filtro que comienza en Santiago Matatl\u00e1n, la Capital Mundial del Mezcal, en el coraz\u00f3n de Oaxaca.    <\/p>\n\n<p>Desde esta tierra de humo, alma y tradici\u00f3n, nos atrevimos a hacer las cosas de manera diferente. Y el mundo lo not\u00f3. <\/p>\n\n<p>El trabajo de FAENA dio vida a nuestra historia a trav\u00e9s de un dise\u00f1o de empaque galardonado\u2014del tipo que habla incluso antes de que des el primer sorbo.<\/p>\n\n<p>Cada botella de IB\u00c1 refleja un momento en el cielo: amanecer, salida del sol, mediod\u00eda, tarde, crep\u00fasculo y medianoche. Los colores no son solo est\u00e9ticos; son se\u00f1ales emocionales. Dise\u00f1ados para despertar algo en ti antes incluso de destaparla. Este no es un mezcal que se pierde en el fondo del bar, <em>merece<\/em> estar en el centro de atenci\u00f3n.   <\/p>\n\n<p>El premio que recibimos no fue solo por est\u00e9tica. Reconoci\u00f3 c\u00f3mo el dise\u00f1o puede transmitir cultura, c\u00f3mo un empaque puede comunicar sin decir una palabra. Y eso es exactamente lo que FAENA captur\u00f3. Una historia contada a trav\u00e9s del vidrio, el color y el car\u00e1cter. El tipo de dise\u00f1o que hace que la gente se detenga. Lo tome. Mire de cerca. Y lo recuerde.       <\/p>\n\n<p>Este premio no es solo por el dise\u00f1o. Es por el prop\u00f3sito, la historia y la chispa detr\u00e1s de cada botella. Por honrar de d\u00f3nde venimos y hacia d\u00f3nde vamos. Es para nuestros mezcaleros, nuestros aliados, nuestros nuevos exploradores y para cualquiera que haya deseado algo aut\u00e9ntico en un mar de lo mismo de siempre.  <\/p>\n\n<p>No estamos aqu\u00ed para seguir reglas. Estamos aqu\u00ed para levantar copas. <\/p>\n\n<p><strong>Celebremos. El cielo es el l\u00edmite. <\/strong><\/p>\n\n<p>\u00bfQuieres conocer m\u00e1s de nuestras expresiones galardonadas? <a href=\"https:\/\/mezcaliba.com\/es\/coleccion\/\" target=\"_blank\" rel=\"noreferrer noopener\">Explora la Colecci\u00f3n IB\u00c1.<\/a><\/p>\n\n<hr class=\"wp-block-separator has-alpha-channel-opacity\"\/>\n\n<p><strong>\u00bfCuriosidad? \u00bfDudas? <\/strong><br\/>Escr\u00edbenos a <a>cheers@ibamezcal.com<\/a>.<br\/><em>(\u00a1Prometemos responder de inmediato!)<\/em><\/p>\n","protected":false},"excerpt":{"rendered":"<p>Grandes noticias: IB\u00c1 acaba de obtener reconocimiento internacional por su galardonado dise\u00f1o de empaque en los Premios DIELINE 2025 en la ciudad de Nueva York, y seguimos celebrando. Nuestra botella, creada por las mentes incre\u00edblemente talentosas de FAENA en la Ciudad de M\u00e9xico, no fue dise\u00f1ada solo para verse bien (aunque, seamos honestos, se ve&hellip;<\/p>\n","protected":false},"author":3,"featured_media":1568,"comment_status":"closed","ping_status":"closed","sticky":false,"template":"","format":"standard","meta":{"_acf_changed":false,"_lmt_disableupdate":"","_lmt_disable":"","footnotes":""},"categories":[22],"tags":[103,102,104,105,106],"class_list":["post-1676","post","type-post","status-publish","format-standard","has-post-thumbnail","hentry","category-sin-categoria","tag-agencia-de-diseno-faena","tag-award-winning-packaging-design-es","tag-iba-mezcal-es","tag-iba-mezcal-es-2","tag-dieline-awards-es","entry","has-media"],"acf":[],"yoast_head":"<!-- This site is optimized with the Yoast SEO plugin v27.4 - https:\/\/yoast.com\/product\/yoast-seo-wordpress\/ -->\n<title>Dise\u00f1o de empaque galardonado | IB\u00c1 Mezcal en DIELINE - Mezcal IB\u00c1<\/title>\n<meta name=\"description\" content=\"IB\u00c1 Mezcal fue reconocido en los DIELINE Awards 2025 por su audaz dise\u00f1o de empaque inspirado en el cielo. Destilado en Oaxaca. Dise\u00f1ado por FAENA.\" \/>\n<meta name=\"robots\" content=\"index, follow, max-snippet:-1, max-image-preview:large, max-video-preview:-1\" \/>\n<link rel=\"canonical\" href=\"https:\/\/mezcaliba.com\/es\/fuimos-a-nueva-york-regresamos-con-un-premio\/\" \/>\n<meta property=\"og:locale\" content=\"es_ES\" \/>\n<meta property=\"og:type\" content=\"article\" \/>\n<meta property=\"og:title\" content=\"Dise\u00f1o de empaque galardonado | IB\u00c1 Mezcal en DIELINE - Mezcal IB\u00c1\" \/>\n<meta property=\"og:description\" content=\"IB\u00c1 Mezcal fue reconocido en los DIELINE Awards 2025 por su audaz dise\u00f1o de empaque inspirado en el cielo. Destilado en Oaxaca. Dise\u00f1ado por FAENA.\" \/>\n<meta property=\"og:url\" content=\"https:\/\/mezcaliba.com\/es\/fuimos-a-nueva-york-regresamos-con-un-premio\/\" \/>\n<meta property=\"og:site_name\" content=\"Mezcal IB\u00c1\" \/>\n<meta property=\"article:published_time\" content=\"2025-08-06T00:00:00+00:00\" \/>\n<meta property=\"og:image\" content=\"https:\/\/mezcaliba.com\/wp-content\/uploads\/2025\/07\/IBA-Todas-juntas_feathered_edges_large.png\" \/>\n\t<meta property=\"og:image:width\" content=\"2560\" \/>\n\t<meta property=\"og:image:height\" content=\"1707\" \/>\n\t<meta property=\"og:image:type\" content=\"image\/png\" \/>\n<meta name=\"author\" content=\"IB\u00c1 Mezcal\" \/>\n<meta name=\"twitter:card\" content=\"summary_large_image\" \/>\n<meta name=\"twitter:label1\" content=\"Escrito por\" \/>\n\t<meta name=\"twitter:data1\" content=\"IB\u00c1 Mezcal\" \/>\n\t<meta name=\"twitter:label2\" content=\"Tiempo de lectura\" \/>\n\t<meta name=\"twitter:data2\" content=\"2 minutos\" \/>\n<script type=\"application\/ld+json\" class=\"yoast-schema-graph\">{\"@context\":\"https:\\\/\\\/schema.org\",\"@graph\":[{\"@type\":\"Article\",\"@id\":\"https:\\\/\\\/mezcaliba.com\\\/es\\\/fuimos-a-nueva-york-regresamos-con-un-premio\\\/#article\",\"isPartOf\":{\"@id\":\"https:\\\/\\\/mezcaliba.com\\\/es\\\/fuimos-a-nueva-york-regresamos-con-un-premio\\\/\"},\"author\":{\"name\":\"IB\u00c1 Mezcal\",\"@id\":\"https:\\\/\\\/mezcaliba.com\\\/es\\\/#\\\/schema\\\/person\\\/ab228a0d3ea23ae13963310904a87aa9\"},\"headline\":\"Fuimos a Nueva York. Regresamos con un premio.\",\"datePublished\":\"2025-08-06T00:00:00+00:00\",\"mainEntityOfPage\":{\"@id\":\"https:\\\/\\\/mezcaliba.com\\\/es\\\/fuimos-a-nueva-york-regresamos-con-un-premio\\\/\"},\"wordCount\":408,\"publisher\":{\"@id\":\"https:\\\/\\\/mezcaliba.com\\\/es\\\/#organization\"},\"image\":{\"@id\":\"https:\\\/\\\/mezcaliba.com\\\/es\\\/fuimos-a-nueva-york-regresamos-con-un-premio\\\/#primaryimage\"},\"thumbnailUrl\":\"https:\\\/\\\/mezcaliba.com\\\/wp-content\\\/uploads\\\/2025\\\/07\\\/IBA-Todas-juntas_feathered_edges_large.png\",\"keywords\":[\"Agencia de dise\u00f1o FAENA\",\"award-winning packaging design\",\"IB\u00c1 Mezcal\",\"IB\u00c4 Mezcal\",\"Premios Dieline\"],\"inLanguage\":\"es\"},{\"@type\":\"WebPage\",\"@id\":\"https:\\\/\\\/mezcaliba.com\\\/es\\\/fuimos-a-nueva-york-regresamos-con-un-premio\\\/\",\"url\":\"https:\\\/\\\/mezcaliba.com\\\/es\\\/fuimos-a-nueva-york-regresamos-con-un-premio\\\/\",\"name\":\"Dise\u00f1o de empaque galardonado | IB\u00c1 Mezcal en DIELINE - Mezcal IB\u00c1\",\"isPartOf\":{\"@id\":\"https:\\\/\\\/mezcaliba.com\\\/es\\\/#website\"},\"primaryImageOfPage\":{\"@id\":\"https:\\\/\\\/mezcaliba.com\\\/es\\\/fuimos-a-nueva-york-regresamos-con-un-premio\\\/#primaryimage\"},\"image\":{\"@id\":\"https:\\\/\\\/mezcaliba.com\\\/es\\\/fuimos-a-nueva-york-regresamos-con-un-premio\\\/#primaryimage\"},\"thumbnailUrl\":\"https:\\\/\\\/mezcaliba.com\\\/wp-content\\\/uploads\\\/2025\\\/07\\\/IBA-Todas-juntas_feathered_edges_large.png\",\"datePublished\":\"2025-08-06T00:00:00+00:00\",\"description\":\"IB\u00c1 Mezcal fue reconocido en los DIELINE Awards 2025 por su audaz dise\u00f1o de empaque inspirado en el cielo. Destilado en Oaxaca. Dise\u00f1ado por FAENA.\",\"breadcrumb\":{\"@id\":\"https:\\\/\\\/mezcaliba.com\\\/es\\\/fuimos-a-nueva-york-regresamos-con-un-premio\\\/#breadcrumb\"},\"inLanguage\":\"es\",\"potentialAction\":[{\"@type\":\"ReadAction\",\"target\":[\"https:\\\/\\\/mezcaliba.com\\\/es\\\/fuimos-a-nueva-york-regresamos-con-un-premio\\\/\"]}]},{\"@type\":\"ImageObject\",\"inLanguage\":\"es\",\"@id\":\"https:\\\/\\\/mezcaliba.com\\\/es\\\/fuimos-a-nueva-york-regresamos-con-un-premio\\\/#primaryimage\",\"url\":\"https:\\\/\\\/mezcaliba.com\\\/wp-content\\\/uploads\\\/2025\\\/07\\\/IBA-Todas-juntas_feathered_edges_large.png\",\"contentUrl\":\"https:\\\/\\\/mezcaliba.com\\\/wp-content\\\/uploads\\\/2025\\\/07\\\/IBA-Todas-juntas_feathered_edges_large.png\",\"width\":2560,\"height\":1707,\"caption\":\"Six expressions. Six colors of the sky. One award-winning design.\"},{\"@type\":\"BreadcrumbList\",\"@id\":\"https:\\\/\\\/mezcaliba.com\\\/es\\\/fuimos-a-nueva-york-regresamos-con-un-premio\\\/#breadcrumb\",\"itemListElement\":[{\"@type\":\"ListItem\",\"position\":1,\"name\":\"Home\",\"item\":\"https:\\\/\\\/mezcaliba.com\\\/es\\\/\"},{\"@type\":\"ListItem\",\"position\":2,\"name\":\"Fuimos a Nueva York. Regresamos con un premio.\"}]},{\"@type\":\"WebSite\",\"@id\":\"https:\\\/\\\/mezcaliba.com\\\/es\\\/#website\",\"url\":\"https:\\\/\\\/mezcaliba.com\\\/es\\\/\",\"name\":\"Mezcal iB\u00c1\",\"description\":\"IB\u00c1 Mezcal - Celebrating Life&#039;s Journey\",\"publisher\":{\"@id\":\"https:\\\/\\\/mezcaliba.com\\\/es\\\/#organization\"},\"potentialAction\":[{\"@type\":\"SearchAction\",\"target\":{\"@type\":\"EntryPoint\",\"urlTemplate\":\"https:\\\/\\\/mezcaliba.com\\\/es\\\/?s={search_term_string}\"},\"query-input\":{\"@type\":\"PropertyValueSpecification\",\"valueRequired\":true,\"valueName\":\"search_term_string\"}}],\"inLanguage\":\"es\"},{\"@type\":\"Organization\",\"@id\":\"https:\\\/\\\/mezcaliba.com\\\/es\\\/#organization\",\"name\":\"Mezcal iB\u00c1\",\"url\":\"https:\\\/\\\/mezcaliba.com\\\/es\\\/\",\"logo\":{\"@type\":\"ImageObject\",\"inLanguage\":\"es\",\"@id\":\"https:\\\/\\\/mezcaliba.com\\\/es\\\/#\\\/schema\\\/logo\\\/image\\\/\",\"url\":\"https:\\\/\\\/mezcaliba.com\\\/wp-content\\\/uploads\\\/2025\\\/05\\\/LOGO-negro.png\",\"contentUrl\":\"https:\\\/\\\/mezcaliba.com\\\/wp-content\\\/uploads\\\/2025\\\/05\\\/LOGO-negro.png\",\"width\":70,\"height\":50,\"caption\":\"Mezcal iB\u00c1\"},\"image\":{\"@id\":\"https:\\\/\\\/mezcaliba.com\\\/es\\\/#\\\/schema\\\/logo\\\/image\\\/\"}},{\"@type\":\"Person\",\"@id\":\"https:\\\/\\\/mezcaliba.com\\\/es\\\/#\\\/schema\\\/person\\\/ab228a0d3ea23ae13963310904a87aa9\",\"name\":\"IB\u00c1 Mezcal\",\"image\":{\"@type\":\"ImageObject\",\"inLanguage\":\"es\",\"@id\":\"https:\\\/\\\/mezcaliba.com\\\/wp-content\\\/uploads\\\/2025\\\/05\\\/ESPADIN-150x150.jpg\",\"url\":\"https:\\\/\\\/mezcaliba.com\\\/wp-content\\\/uploads\\\/2025\\\/05\\\/ESPADIN-150x150.jpg\",\"contentUrl\":\"https:\\\/\\\/mezcaliba.com\\\/wp-content\\\/uploads\\\/2025\\\/05\\\/ESPADIN-150x150.jpg\",\"caption\":\"IB\u00c1 Mezcal\"},\"url\":\"#\"}]}<\/script>\n<!-- \/ Yoast SEO plugin. -->","yoast_head_json":{"title":"Dise\u00f1o de empaque galardonado | IB\u00c1 Mezcal en DIELINE - Mezcal IB\u00c1","description":"IB\u00c1 Mezcal fue reconocido en los DIELINE Awards 2025 por su audaz dise\u00f1o de empaque inspirado en el cielo. Destilado en Oaxaca. Dise\u00f1ado por FAENA.","robots":{"index":"index","follow":"follow","max-snippet":"max-snippet:-1","max-image-preview":"max-image-preview:large","max-video-preview":"max-video-preview:-1"},"canonical":"https:\/\/mezcaliba.com\/es\/fuimos-a-nueva-york-regresamos-con-un-premio\/","og_locale":"es_ES","og_type":"article","og_title":"Dise\u00f1o de empaque galardonado | IB\u00c1 Mezcal en DIELINE - Mezcal IB\u00c1","og_description":"IB\u00c1 Mezcal fue reconocido en los DIELINE Awards 2025 por su audaz dise\u00f1o de empaque inspirado en el cielo. Destilado en Oaxaca. Dise\u00f1ado por FAENA.","og_url":"https:\/\/mezcaliba.com\/es\/fuimos-a-nueva-york-regresamos-con-un-premio\/","og_site_name":"Mezcal IB\u00c1","article_published_time":"2025-08-06T00:00:00+00:00","og_image":[{"width":2560,"height":1707,"url":"https:\/\/mezcaliba.com\/wp-content\/uploads\/2025\/07\/IBA-Todas-juntas_feathered_edges_large.png","type":"image\/png"}],"author":"IB\u00c1 Mezcal","twitter_card":"summary_large_image","twitter_misc":{"Escrito por":"IB\u00c1 Mezcal","Tiempo de lectura":"2 minutos"},"schema":{"@context":"https:\/\/schema.org","@graph":[{"@type":"Article","@id":"https:\/\/mezcaliba.com\/es\/fuimos-a-nueva-york-regresamos-con-un-premio\/#article","isPartOf":{"@id":"https:\/\/mezcaliba.com\/es\/fuimos-a-nueva-york-regresamos-con-un-premio\/"},"author":{"name":"IB\u00c1 Mezcal","@id":"https:\/\/mezcaliba.com\/es\/#\/schema\/person\/ab228a0d3ea23ae13963310904a87aa9"},"headline":"Fuimos a Nueva York. Regresamos con un premio.","datePublished":"2025-08-06T00:00:00+00:00","mainEntityOfPage":{"@id":"https:\/\/mezcaliba.com\/es\/fuimos-a-nueva-york-regresamos-con-un-premio\/"},"wordCount":408,"publisher":{"@id":"https:\/\/mezcaliba.com\/es\/#organization"},"image":{"@id":"https:\/\/mezcaliba.com\/es\/fuimos-a-nueva-york-regresamos-con-un-premio\/#primaryimage"},"thumbnailUrl":"https:\/\/mezcaliba.com\/wp-content\/uploads\/2025\/07\/IBA-Todas-juntas_feathered_edges_large.png","keywords":["Agencia de dise\u00f1o FAENA","award-winning packaging design","IB\u00c1 Mezcal","IB\u00c4 Mezcal","Premios Dieline"],"inLanguage":"es"},{"@type":"WebPage","@id":"https:\/\/mezcaliba.com\/es\/fuimos-a-nueva-york-regresamos-con-un-premio\/","url":"https:\/\/mezcaliba.com\/es\/fuimos-a-nueva-york-regresamos-con-un-premio\/","name":"Dise\u00f1o de empaque galardonado | IB\u00c1 Mezcal en DIELINE - Mezcal IB\u00c1","isPartOf":{"@id":"https:\/\/mezcaliba.com\/es\/#website"},"primaryImageOfPage":{"@id":"https:\/\/mezcaliba.com\/es\/fuimos-a-nueva-york-regresamos-con-un-premio\/#primaryimage"},"image":{"@id":"https:\/\/mezcaliba.com\/es\/fuimos-a-nueva-york-regresamos-con-un-premio\/#primaryimage"},"thumbnailUrl":"https:\/\/mezcaliba.com\/wp-content\/uploads\/2025\/07\/IBA-Todas-juntas_feathered_edges_large.png","datePublished":"2025-08-06T00:00:00+00:00","description":"IB\u00c1 Mezcal fue reconocido en los DIELINE Awards 2025 por su audaz dise\u00f1o de empaque inspirado en el cielo. Destilado en Oaxaca. Dise\u00f1ado por FAENA.","breadcrumb":{"@id":"https:\/\/mezcaliba.com\/es\/fuimos-a-nueva-york-regresamos-con-un-premio\/#breadcrumb"},"inLanguage":"es","potentialAction":[{"@type":"ReadAction","target":["https:\/\/mezcaliba.com\/es\/fuimos-a-nueva-york-regresamos-con-un-premio\/"]}]},{"@type":"ImageObject","inLanguage":"es","@id":"https:\/\/mezcaliba.com\/es\/fuimos-a-nueva-york-regresamos-con-un-premio\/#primaryimage","url":"https:\/\/mezcaliba.com\/wp-content\/uploads\/2025\/07\/IBA-Todas-juntas_feathered_edges_large.png","contentUrl":"https:\/\/mezcaliba.com\/wp-content\/uploads\/2025\/07\/IBA-Todas-juntas_feathered_edges_large.png","width":2560,"height":1707,"caption":"Six expressions. Six colors of the sky. One award-winning design."},{"@type":"BreadcrumbList","@id":"https:\/\/mezcaliba.com\/es\/fuimos-a-nueva-york-regresamos-con-un-premio\/#breadcrumb","itemListElement":[{"@type":"ListItem","position":1,"name":"Home","item":"https:\/\/mezcaliba.com\/es\/"},{"@type":"ListItem","position":2,"name":"Fuimos a Nueva York. Regresamos con un premio."}]},{"@type":"WebSite","@id":"https:\/\/mezcaliba.com\/es\/#website","url":"https:\/\/mezcaliba.com\/es\/","name":"Mezcal iB\u00c1","description":"IB\u00c1 Mezcal - Celebrating Life&#039;s Journey","publisher":{"@id":"https:\/\/mezcaliba.com\/es\/#organization"},"potentialAction":[{"@type":"SearchAction","target":{"@type":"EntryPoint","urlTemplate":"https:\/\/mezcaliba.com\/es\/?s={search_term_string}"},"query-input":{"@type":"PropertyValueSpecification","valueRequired":true,"valueName":"search_term_string"}}],"inLanguage":"es"},{"@type":"Organization","@id":"https:\/\/mezcaliba.com\/es\/#organization","name":"Mezcal iB\u00c1","url":"https:\/\/mezcaliba.com\/es\/","logo":{"@type":"ImageObject","inLanguage":"es","@id":"https:\/\/mezcaliba.com\/es\/#\/schema\/logo\/image\/","url":"https:\/\/mezcaliba.com\/wp-content\/uploads\/2025\/05\/LOGO-negro.png","contentUrl":"https:\/\/mezcaliba.com\/wp-content\/uploads\/2025\/05\/LOGO-negro.png","width":70,"height":50,"caption":"Mezcal iB\u00c1"},"image":{"@id":"https:\/\/mezcaliba.com\/es\/#\/schema\/logo\/image\/"}},{"@type":"Person","@id":"https:\/\/mezcaliba.com\/es\/#\/schema\/person\/ab228a0d3ea23ae13963310904a87aa9","name":"IB\u00c1 Mezcal","image":{"@type":"ImageObject","inLanguage":"es","@id":"https:\/\/mezcaliba.com\/wp-content\/uploads\/2025\/05\/ESPADIN-150x150.jpg","url":"https:\/\/mezcaliba.com\/wp-content\/uploads\/2025\/05\/ESPADIN-150x150.jpg","contentUrl":"https:\/\/mezcaliba.com\/wp-content\/uploads\/2025\/05\/ESPADIN-150x150.jpg","caption":"IB\u00c1 Mezcal"},"url":"#"}]}},"modified_by":null,"_links":{"self":[{"href":"https:\/\/mezcaliba.com\/es\/wp-json\/wp\/v2\/posts\/1676","targetHints":{"allow":["GET"]}}],"collection":[{"href":"https:\/\/mezcaliba.com\/es\/wp-json\/wp\/v2\/posts"}],"about":[{"href":"https:\/\/mezcaliba.com\/es\/wp-json\/wp\/v2\/types\/post"}],"author":[{"embeddable":true,"href":"https:\/\/mezcaliba.com\/es\/wp-json\/wp\/v2\/users\/3"}],"replies":[{"embeddable":true,"href":"https:\/\/mezcaliba.com\/es\/wp-json\/wp\/v2\/comments?post=1676"}],"version-history":[{"count":5,"href":"https:\/\/mezcaliba.com\/es\/wp-json\/wp\/v2\/posts\/1676\/revisions"}],"predecessor-version":[{"id":1691,"href":"https:\/\/mezcaliba.com\/es\/wp-json\/wp\/v2\/posts\/1676\/revisions\/1691"}],"wp:featuredmedia":[{"embeddable":true,"href":"https:\/\/mezcaliba.com\/es\/wp-json\/wp\/v2\/media\/1568"}],"wp:attachment":[{"href":"https:\/\/mezcaliba.com\/es\/wp-json\/wp\/v2\/media?parent=1676"}],"wp:term":[{"taxonomy":"category","embeddable":true,"href":"https:\/\/mezcaliba.com\/es\/wp-json\/wp\/v2\/categories?post=1676"},{"taxonomy":"post_tag","embeddable":true,"href":"https:\/\/mezcaliba.com\/es\/wp-json\/wp\/v2\/tags?post=1676"}],"curies":[{"name":"wp","href":"https:\/\/api.w.org\/{rel}","templated":true}]}}