{"id":1680,"date":"2025-08-01T16:39:00","date_gmt":"2025-08-01T23:39:00","guid":{"rendered":"https:\/\/mezcaliba.com\/iba-el-cielo-es-el-punto-de-partida-no-el-limite\/"},"modified":"2025-07-31T14:29:31","modified_gmt":"2025-07-31T21:29:31","slug":"iba-el-cielo-es-el-punto-de-partida-no-el-limite","status":"publish","type":"post","link":"https:\/\/mezcaliba.com\/es\/iba-el-cielo-es-el-punto-de-partida-no-el-limite\/","title":{"rendered":"IB\u00c1. El cielo es el punto de partida, no el l\u00edmite."},"content":{"rendered":"\n<p><strong>Cada botella tiene una historia, pero la historia de IB\u00c1 Mezcal comenz\u00f3 en los cielos de Oaxaca.<br\/>Se trata de posibilidad, celebraci\u00f3n y esp\u00edritu. <\/strong><\/p>\n\n<p>Algunas marcas nacen en salas de juntas.<br\/>La nuestra naci\u00f3 bajo el cielo oaxaque\u00f1o.<\/p>\n\n<p>El cielo, con sus colores flotando a trav\u00e9s de un prisma arco\u00edris, fue nuestro laboratorio de ideas. Dijimos:<br\/><em>\u201cEsto es. Este es el comienzo.\u201d<\/em><br\/>No solo de nuestro camino\u2026 sino<strong> un reflejo de la vida, en evoluci\u00f3n y celebrada.<\/strong> <\/p>\n\n<p>As\u00ed comenz\u00f3 IB\u00c1.<\/p>\n\n<p>IB\u00c1, pronounced \u201cee-BAH\u201d (<a href=\"https:\/\/mezcaliba.com\/how-to-say-iba-in-20-languages\/\">more on this in another post!<\/a>), is a word from the <a href=\"https:\/\/en.wikipedia.org\/wiki\/Zapotec_civilization\" target=\"_blank\" rel=\"noreferrer noopener\">Zapotec<\/a> language, spoken for generations in <a href=\"https:\/\/en.wikipedia.org\/wiki\/Oaxaca\" target=\"_blank\" rel=\"noreferrer noopener\">Oaxaca, Mexico<\/a>. Loosely translated, it means <strong>\u201csky\u201d<\/strong> or <strong>\u201cheavens.\u201d<\/strong> But it means a lot more to us than that.<\/p>\n\n<p>Significa posibilidad.<br\/>Significa evoluci\u00f3n.<br\/>Significa que sea lo que sea que est\u00e9s buscando\u2026 un mejor d\u00eda, un momento m\u00e1s profundo, una risa m\u00e1s fuerte, una noche m\u00e1s larga \u2014 territorios sin explorar.<\/p>\n\n<p>La historia de IB\u00c1 Mezcal no se trata solo de d\u00f3nde venimos\u2026 sino hacia d\u00f3nde vamos, con ambici\u00f3n del tama\u00f1o del cielo en cada sorbo<\/p>\n\n<hr class=\"wp-block-separator has-alpha-channel-opacity\"\/>\n\n<h2 class=\"wp-block-heading\">Este es el mezcal que marca un nuevo est\u00e1ndar.<\/h2>\n\n<p>IB\u00c1 no fue creado para seguir tendencias. Naci\u00f3 para elevar las expectativas. <\/p>\n\n<p>Cada botella se elabora a mano en Santiago Matatl\u00e1n, con m\u00faltiples capas de complejidad y refinada hasta convertirse en la expresi\u00f3n m\u00e1s suave del mezcal que jam\u00e1s hayas probado. Desde los colores inspirados en el cielo hasta el alma del esp\u00edritu que contiene, nada en IB\u00c1 es accidental. Cada detalle fue considerado. Cada momento, deliberado.   <\/p>\n\n<p>No tomamos atajos. No hicimos concesiones.<br\/>Creamos lo que creemos que el mezcal siempre debi\u00f3 ser. <\/p>\n\n<p><strong>Quien sabe, pide IB\u00c1.<\/strong><\/p>\n\n<hr class=\"wp-block-separator has-alpha-channel-opacity\"\/>\n\n<h2 class=\"wp-block-heading\">Entonces, \u00bfqu\u00e9 <em>es<\/em> IB\u00c1?<\/h2>\n\n<p>IB\u00c1 es mezcal, s\u00ed.<\/p>\n\n<p>Pero IB\u00c1 naci\u00f3 de algo m\u00e1s profundo: el deseo de crear <strong>el mezcal m\u00e1s complejo, con m\u00e1s capas y m\u00e1s suave del mundo<\/strong>. Punto. Todo empieza con la selecci\u00f3n meticulosa de magueyes perfectamente maduros, cosechados en momentos espec\u00edficos del d\u00eda para capturar su m\u00e1ximo sabor. Pero la verdadera transformaci\u00f3n ocurre durante nuestro proceso de destilaci\u00f3n exclusivo, donde todo se une para crear el mezcal perfecto. El resultado es IB\u00c1.    <\/p>\n\n<p>No es solo para coleccionistas. No es solo para puristas. Es para quien quiera probar algo inolvidable y sentir algo real.  <\/p>\n\n<p>Es mezcal, pero tambi\u00e9n es una sensaci\u00f3n. Una canci\u00f3n. Un amigo que llega sin avisar pero siempre es bienvenido y sabe leer la habitaci\u00f3n.  <\/p>\n\n<p>Es tu +1 para fiestas en azoteas, charlas en la cocina de madrugada, c\u00edrculos de baile cuestionables, confesiones del alma y road trips de \u201c\u00bfc\u00f3mo terminamos aqu\u00ed?\u201d.<\/p>\n\n<p>No es solo lo que tomas. Es lo que tomas por qui\u00e9n eres. <\/p>\n\n<hr class=\"wp-block-separator has-alpha-channel-opacity\"\/>\n\n<h2 class=\"wp-block-heading\">Creemos en celebrar. Siempre. <\/h2>\n\n<p>No solo las grandes victorias. No solo los cumplea\u00f1os, las bodas o los \u201c\u00a1s\u00ed, por fin cerramos el trato!\u201d.<br\/>Celebramos el \u201c\u00bfpor qu\u00e9 no?\u201d, el \u201csolo porque s\u00ed\u201d, el \u201cahora se siente bien\u201d tambi\u00e9n. <\/p>\n\n<p>Porque la vida no est\u00e1 hecha para ser soportada, sino para ser <strong>sentida<\/strong>, <strong>compartida<\/strong> y <strong>celebrada<\/strong>.<\/p>\n\n<p>Y cuando levantas una copa de IB\u00c1, no solo est\u00e1s tomando mezcal.<br\/>Te est\u00e1s uniendo a esa filosof\u00eda.<\/p>\n\n<hr class=\"wp-block-separator has-alpha-channel-opacity\"\/>\n\n<h2 class=\"wp-block-heading\">Posibilidades infinitas. Sin puertas cerradas. <\/h2>\n\n<p>Perseguimos nuestros sue\u00f1os sin l\u00edmites, y otros nos siguen\u2026 o desear\u00edan poder hacerlo.<\/p>\n\n<p>Si tienes la mente abierta y un esp\u00edritu aventurero, ya eres de los nuestros.<\/p>\n\n<hr class=\"wp-block-separator has-alpha-channel-opacity\"\/>\n\n<h2 class=\"wp-block-heading\">Bienvenido al viaje.<\/h2>\n\n<p>Prometemos ser aut\u00e9nticos.<br\/>Y divertidos. Y un poco salvajes. Y, ocasionalmente, po\u00e9ticos despu\u00e9s de algunas copas.  <\/p>\n\n<p>As\u00ed que ya sea que est\u00e9s aqu\u00ed por el mezcal, la vibra o solo porque alguien cool te pas\u00f3 el link\u2026<br\/>\u00a1Nos alegra que nos hayas encontrado!<\/p>\n\n<p>Because this isn\u2019t the end of the story.<br\/>It\u2019s the opening line. <a href=\"https:\/\/mezcaliba.com\/es\/alma-iba\/\">Join us on the journey.<\/a><\/p>\n\n<hr class=\"wp-block-separator has-alpha-channel-opacity\"\/>\n\n<p><\/p>\n\n<p><strong>\u00bfCuriosidad? \u00bfDudas? <\/strong><br\/>Escr\u00edbenos a <a>cheers@ibamezcal.com<\/a>.<br\/><em>(\u00a1Prometemos responder de inmediato!)<\/em><\/p>\n\n<p><a href=\"https:\/\/mezcaliba.com\/es\/coleccion\/\">Catch up here on all of the IB\u00c1 expressions.<\/a><\/p>\n","protected":false},"excerpt":{"rendered":"<p>Cada botella tiene una historia, pero la historia de IB\u00c1 Mezcal comenz\u00f3 en los cielos de Oaxaca.Se trata de posibilidad, celebraci\u00f3n y esp\u00edritu. Algunas marcas nacen en salas de juntas.La nuestra naci\u00f3 bajo el cielo oaxaque\u00f1o. El cielo, con sus colores flotando a trav\u00e9s de un prisma arco\u00edris, fue nuestro laboratorio de ideas. Dijimos:\u201cEsto es.&hellip;<\/p>\n","protected":false},"author":3,"featured_media":1587,"comment_status":"closed","ping_status":"closed","sticky":false,"template":"","format":"standard","meta":{"_acf_changed":false,"_lmt_disableupdate":"","_lmt_disable":"","footnotes":""},"categories":[22],"tags":[114,117,115,104,118,116,119],"class_list":["post-1680","post","type-post","status-publish","format-standard","has-post-thumbnail","hentry","category-sin-categoria","tag-artisanal-mezcal-es","tag-celebration-culture-es","tag-complex-mezcal-es","tag-iba-mezcal-es","tag-life-worth-celebrating-es","tag-mezcal-brand-story-es","tag-new-mezcal-brand-es","entry","has-media"],"acf":[],"yoast_head":"<!-- This site is optimized with the Yoast SEO plugin v27.4 - https:\/\/yoast.com\/product\/yoast-seo-wordpress\/ -->\n<title>La historia de IB\u00c1: Un mezcal nacido bajo el cielo oaxaque\u00f1o - Mezcal IB\u00c1<\/title>\n<meta name=\"description\" content=\"Conoce el origen de IB\u00c1, una marca de mezcal nacida bajo el cielo de Oaxaca, enraizada en la cultura zapoteca y creada para celebrar la vida sin l\u00edmites.\" \/>\n<meta name=\"robots\" content=\"index, follow, max-snippet:-1, max-image-preview:large, max-video-preview:-1\" \/>\n<link rel=\"canonical\" href=\"https:\/\/mezcaliba.com\/es\/iba-el-cielo-es-el-punto-de-partida-no-el-limite\/\" \/>\n<meta property=\"og:locale\" content=\"es_ES\" \/>\n<meta property=\"og:type\" content=\"article\" \/>\n<meta property=\"og:title\" content=\"La historia de IB\u00c1: Un mezcal nacido bajo el cielo oaxaque\u00f1o - Mezcal IB\u00c1\" \/>\n<meta property=\"og:description\" content=\"Conoce el origen de IB\u00c1, una marca de mezcal nacida bajo el cielo de Oaxaca, enraizada en la cultura zapoteca y creada para celebrar la vida sin l\u00edmites.\" \/>\n<meta property=\"og:url\" content=\"https:\/\/mezcaliba.com\/es\/iba-el-cielo-es-el-punto-de-partida-no-el-limite\/\" \/>\n<meta property=\"og:site_name\" content=\"Mezcal IB\u00c1\" \/>\n<meta property=\"article:published_time\" content=\"2025-08-01T23:39:00+00:00\" \/>\n<meta property=\"og:image\" content=\"https:\/\/mezcaliba.com\/wp-content\/uploads\/2025\/07\/IBA-Story-image-Gonzalez-Family.jpg\" \/>\n\t<meta property=\"og:image:width\" content=\"1023\" \/>\n\t<meta property=\"og:image:height\" content=\"1023\" \/>\n\t<meta property=\"og:image:type\" content=\"image\/jpeg\" \/>\n<meta name=\"author\" content=\"IB\u00c1 Mezcal\" \/>\n<meta name=\"twitter:card\" content=\"summary_large_image\" \/>\n<meta name=\"twitter:label1\" content=\"Escrito por\" \/>\n\t<meta name=\"twitter:data1\" content=\"IB\u00c1 Mezcal\" \/>\n\t<meta name=\"twitter:label2\" content=\"Tiempo de lectura\" \/>\n\t<meta name=\"twitter:data2\" content=\"3 minutos\" \/>\n<script type=\"application\/ld+json\" class=\"yoast-schema-graph\">{\"@context\":\"https:\\\/\\\/schema.org\",\"@graph\":[{\"@type\":\"Article\",\"@id\":\"https:\\\/\\\/mezcaliba.com\\\/es\\\/iba-el-cielo-es-el-punto-de-partida-no-el-limite\\\/#article\",\"isPartOf\":{\"@id\":\"https:\\\/\\\/mezcaliba.com\\\/es\\\/iba-el-cielo-es-el-punto-de-partida-no-el-limite\\\/\"},\"author\":{\"name\":\"IB\u00c1 Mezcal\",\"@id\":\"https:\\\/\\\/mezcaliba.com\\\/es\\\/#\\\/schema\\\/person\\\/ab228a0d3ea23ae13963310904a87aa9\"},\"headline\":\"IB\u00c1. El cielo es el punto de partida, no el l\u00edmite.\",\"datePublished\":\"2025-08-01T23:39:00+00:00\",\"mainEntityOfPage\":{\"@id\":\"https:\\\/\\\/mezcaliba.com\\\/es\\\/iba-el-cielo-es-el-punto-de-partida-no-el-limite\\\/\"},\"wordCount\":687,\"publisher\":{\"@id\":\"https:\\\/\\\/mezcaliba.com\\\/es\\\/#organization\"},\"image\":{\"@id\":\"https:\\\/\\\/mezcaliba.com\\\/es\\\/iba-el-cielo-es-el-punto-de-partida-no-el-limite\\\/#primaryimage\"},\"thumbnailUrl\":\"https:\\\/\\\/mezcaliba.com\\\/wp-content\\\/uploads\\\/2025\\\/07\\\/IBA-Story-image-Gonzalez-Family.jpg\",\"keywords\":[\"artisanal mezcal\",\"celebration culture\",\"complex mezcal\",\"IB\u00c1 Mezcal\",\"life worth celebrating\",\"mezcal brand story\",\"new mezcal brand\"],\"inLanguage\":\"es\"},{\"@type\":\"WebPage\",\"@id\":\"https:\\\/\\\/mezcaliba.com\\\/es\\\/iba-el-cielo-es-el-punto-de-partida-no-el-limite\\\/\",\"url\":\"https:\\\/\\\/mezcaliba.com\\\/es\\\/iba-el-cielo-es-el-punto-de-partida-no-el-limite\\\/\",\"name\":\"La historia de IB\u00c1: Un mezcal nacido bajo el cielo oaxaque\u00f1o - Mezcal IB\u00c1\",\"isPartOf\":{\"@id\":\"https:\\\/\\\/mezcaliba.com\\\/es\\\/#website\"},\"primaryImageOfPage\":{\"@id\":\"https:\\\/\\\/mezcaliba.com\\\/es\\\/iba-el-cielo-es-el-punto-de-partida-no-el-limite\\\/#primaryimage\"},\"image\":{\"@id\":\"https:\\\/\\\/mezcaliba.com\\\/es\\\/iba-el-cielo-es-el-punto-de-partida-no-el-limite\\\/#primaryimage\"},\"thumbnailUrl\":\"https:\\\/\\\/mezcaliba.com\\\/wp-content\\\/uploads\\\/2025\\\/07\\\/IBA-Story-image-Gonzalez-Family.jpg\",\"datePublished\":\"2025-08-01T23:39:00+00:00\",\"description\":\"Conoce el origen de IB\u00c1, una marca de mezcal nacida bajo el cielo de Oaxaca, enraizada en la cultura zapoteca y creada para celebrar la vida sin l\u00edmites.\",\"breadcrumb\":{\"@id\":\"https:\\\/\\\/mezcaliba.com\\\/es\\\/iba-el-cielo-es-el-punto-de-partida-no-el-limite\\\/#breadcrumb\"},\"inLanguage\":\"es\",\"potentialAction\":[{\"@type\":\"ReadAction\",\"target\":[\"https:\\\/\\\/mezcaliba.com\\\/es\\\/iba-el-cielo-es-el-punto-de-partida-no-el-limite\\\/\"]}]},{\"@type\":\"ImageObject\",\"inLanguage\":\"es\",\"@id\":\"https:\\\/\\\/mezcaliba.com\\\/es\\\/iba-el-cielo-es-el-punto-de-partida-no-el-limite\\\/#primaryimage\",\"url\":\"https:\\\/\\\/mezcaliba.com\\\/wp-content\\\/uploads\\\/2025\\\/07\\\/IBA-Story-image-Gonzalez-Family.jpg\",\"contentUrl\":\"https:\\\/\\\/mezcaliba.com\\\/wp-content\\\/uploads\\\/2025\\\/07\\\/IBA-Story-image-Gonzalez-Family.jpg\",\"width\":1023,\"height\":1023,\"caption\":\"mezcal brand story of IB\u00c1 under the Oaxacan sky\"},{\"@type\":\"BreadcrumbList\",\"@id\":\"https:\\\/\\\/mezcaliba.com\\\/es\\\/iba-el-cielo-es-el-punto-de-partida-no-el-limite\\\/#breadcrumb\",\"itemListElement\":[{\"@type\":\"ListItem\",\"position\":1,\"name\":\"Home\",\"item\":\"https:\\\/\\\/mezcaliba.com\\\/es\\\/\"},{\"@type\":\"ListItem\",\"position\":2,\"name\":\"IB\u00c1. El cielo es el punto de partida, no el l\u00edmite.\"}]},{\"@type\":\"WebSite\",\"@id\":\"https:\\\/\\\/mezcaliba.com\\\/es\\\/#website\",\"url\":\"https:\\\/\\\/mezcaliba.com\\\/es\\\/\",\"name\":\"Mezcal iB\u00c1\",\"description\":\"IB\u00c1 Mezcal - Celebrating Life&#039;s Journey\",\"publisher\":{\"@id\":\"https:\\\/\\\/mezcaliba.com\\\/es\\\/#organization\"},\"potentialAction\":[{\"@type\":\"SearchAction\",\"target\":{\"@type\":\"EntryPoint\",\"urlTemplate\":\"https:\\\/\\\/mezcaliba.com\\\/es\\\/?s={search_term_string}\"},\"query-input\":{\"@type\":\"PropertyValueSpecification\",\"valueRequired\":true,\"valueName\":\"search_term_string\"}}],\"inLanguage\":\"es\"},{\"@type\":\"Organization\",\"@id\":\"https:\\\/\\\/mezcaliba.com\\\/es\\\/#organization\",\"name\":\"Mezcal iB\u00c1\",\"url\":\"https:\\\/\\\/mezcaliba.com\\\/es\\\/\",\"logo\":{\"@type\":\"ImageObject\",\"inLanguage\":\"es\",\"@id\":\"https:\\\/\\\/mezcaliba.com\\\/es\\\/#\\\/schema\\\/logo\\\/image\\\/\",\"url\":\"https:\\\/\\\/mezcaliba.com\\\/wp-content\\\/uploads\\\/2025\\\/05\\\/LOGO-negro.png\",\"contentUrl\":\"https:\\\/\\\/mezcaliba.com\\\/wp-content\\\/uploads\\\/2025\\\/05\\\/LOGO-negro.png\",\"width\":70,\"height\":50,\"caption\":\"Mezcal iB\u00c1\"},\"image\":{\"@id\":\"https:\\\/\\\/mezcaliba.com\\\/es\\\/#\\\/schema\\\/logo\\\/image\\\/\"}},{\"@type\":\"Person\",\"@id\":\"https:\\\/\\\/mezcaliba.com\\\/es\\\/#\\\/schema\\\/person\\\/ab228a0d3ea23ae13963310904a87aa9\",\"name\":\"IB\u00c1 Mezcal\",\"image\":{\"@type\":\"ImageObject\",\"inLanguage\":\"es\",\"@id\":\"https:\\\/\\\/mezcaliba.com\\\/wp-content\\\/uploads\\\/2025\\\/05\\\/ESPADIN-150x150.jpg\",\"url\":\"https:\\\/\\\/mezcaliba.com\\\/wp-content\\\/uploads\\\/2025\\\/05\\\/ESPADIN-150x150.jpg\",\"contentUrl\":\"https:\\\/\\\/mezcaliba.com\\\/wp-content\\\/uploads\\\/2025\\\/05\\\/ESPADIN-150x150.jpg\",\"caption\":\"IB\u00c1 Mezcal\"},\"url\":\"#\"}]}<\/script>\n<!-- \/ Yoast SEO plugin. -->","yoast_head_json":{"title":"La historia de IB\u00c1: Un mezcal nacido bajo el cielo oaxaque\u00f1o - Mezcal IB\u00c1","description":"Conoce el origen de IB\u00c1, una marca de mezcal nacida bajo el cielo de Oaxaca, enraizada en la cultura zapoteca y creada para celebrar la vida sin l\u00edmites.","robots":{"index":"index","follow":"follow","max-snippet":"max-snippet:-1","max-image-preview":"max-image-preview:large","max-video-preview":"max-video-preview:-1"},"canonical":"https:\/\/mezcaliba.com\/es\/iba-el-cielo-es-el-punto-de-partida-no-el-limite\/","og_locale":"es_ES","og_type":"article","og_title":"La historia de IB\u00c1: Un mezcal nacido bajo el cielo oaxaque\u00f1o - Mezcal IB\u00c1","og_description":"Conoce el origen de IB\u00c1, una marca de mezcal nacida bajo el cielo de Oaxaca, enraizada en la cultura zapoteca y creada para celebrar la vida sin l\u00edmites.","og_url":"https:\/\/mezcaliba.com\/es\/iba-el-cielo-es-el-punto-de-partida-no-el-limite\/","og_site_name":"Mezcal IB\u00c1","article_published_time":"2025-08-01T23:39:00+00:00","og_image":[{"width":1023,"height":1023,"url":"https:\/\/mezcaliba.com\/wp-content\/uploads\/2025\/07\/IBA-Story-image-Gonzalez-Family.jpg","type":"image\/jpeg"}],"author":"IB\u00c1 Mezcal","twitter_card":"summary_large_image","twitter_misc":{"Escrito por":"IB\u00c1 Mezcal","Tiempo de lectura":"3 minutos"},"schema":{"@context":"https:\/\/schema.org","@graph":[{"@type":"Article","@id":"https:\/\/mezcaliba.com\/es\/iba-el-cielo-es-el-punto-de-partida-no-el-limite\/#article","isPartOf":{"@id":"https:\/\/mezcaliba.com\/es\/iba-el-cielo-es-el-punto-de-partida-no-el-limite\/"},"author":{"name":"IB\u00c1 Mezcal","@id":"https:\/\/mezcaliba.com\/es\/#\/schema\/person\/ab228a0d3ea23ae13963310904a87aa9"},"headline":"IB\u00c1. El cielo es el punto de partida, no el l\u00edmite.","datePublished":"2025-08-01T23:39:00+00:00","mainEntityOfPage":{"@id":"https:\/\/mezcaliba.com\/es\/iba-el-cielo-es-el-punto-de-partida-no-el-limite\/"},"wordCount":687,"publisher":{"@id":"https:\/\/mezcaliba.com\/es\/#organization"},"image":{"@id":"https:\/\/mezcaliba.com\/es\/iba-el-cielo-es-el-punto-de-partida-no-el-limite\/#primaryimage"},"thumbnailUrl":"https:\/\/mezcaliba.com\/wp-content\/uploads\/2025\/07\/IBA-Story-image-Gonzalez-Family.jpg","keywords":["artisanal mezcal","celebration culture","complex mezcal","IB\u00c1 Mezcal","life worth celebrating","mezcal brand story","new mezcal brand"],"inLanguage":"es"},{"@type":"WebPage","@id":"https:\/\/mezcaliba.com\/es\/iba-el-cielo-es-el-punto-de-partida-no-el-limite\/","url":"https:\/\/mezcaliba.com\/es\/iba-el-cielo-es-el-punto-de-partida-no-el-limite\/","name":"La historia de IB\u00c1: Un mezcal nacido bajo el cielo oaxaque\u00f1o - Mezcal IB\u00c1","isPartOf":{"@id":"https:\/\/mezcaliba.com\/es\/#website"},"primaryImageOfPage":{"@id":"https:\/\/mezcaliba.com\/es\/iba-el-cielo-es-el-punto-de-partida-no-el-limite\/#primaryimage"},"image":{"@id":"https:\/\/mezcaliba.com\/es\/iba-el-cielo-es-el-punto-de-partida-no-el-limite\/#primaryimage"},"thumbnailUrl":"https:\/\/mezcaliba.com\/wp-content\/uploads\/2025\/07\/IBA-Story-image-Gonzalez-Family.jpg","datePublished":"2025-08-01T23:39:00+00:00","description":"Conoce el origen de IB\u00c1, una marca de mezcal nacida bajo el cielo de Oaxaca, enraizada en la cultura zapoteca y creada para celebrar la vida sin l\u00edmites.","breadcrumb":{"@id":"https:\/\/mezcaliba.com\/es\/iba-el-cielo-es-el-punto-de-partida-no-el-limite\/#breadcrumb"},"inLanguage":"es","potentialAction":[{"@type":"ReadAction","target":["https:\/\/mezcaliba.com\/es\/iba-el-cielo-es-el-punto-de-partida-no-el-limite\/"]}]},{"@type":"ImageObject","inLanguage":"es","@id":"https:\/\/mezcaliba.com\/es\/iba-el-cielo-es-el-punto-de-partida-no-el-limite\/#primaryimage","url":"https:\/\/mezcaliba.com\/wp-content\/uploads\/2025\/07\/IBA-Story-image-Gonzalez-Family.jpg","contentUrl":"https:\/\/mezcaliba.com\/wp-content\/uploads\/2025\/07\/IBA-Story-image-Gonzalez-Family.jpg","width":1023,"height":1023,"caption":"mezcal brand story of IB\u00c1 under the Oaxacan sky"},{"@type":"BreadcrumbList","@id":"https:\/\/mezcaliba.com\/es\/iba-el-cielo-es-el-punto-de-partida-no-el-limite\/#breadcrumb","itemListElement":[{"@type":"ListItem","position":1,"name":"Home","item":"https:\/\/mezcaliba.com\/es\/"},{"@type":"ListItem","position":2,"name":"IB\u00c1. El cielo es el punto de partida, no el l\u00edmite."}]},{"@type":"WebSite","@id":"https:\/\/mezcaliba.com\/es\/#website","url":"https:\/\/mezcaliba.com\/es\/","name":"Mezcal iB\u00c1","description":"IB\u00c1 Mezcal - Celebrating Life&#039;s Journey","publisher":{"@id":"https:\/\/mezcaliba.com\/es\/#organization"},"potentialAction":[{"@type":"SearchAction","target":{"@type":"EntryPoint","urlTemplate":"https:\/\/mezcaliba.com\/es\/?s={search_term_string}"},"query-input":{"@type":"PropertyValueSpecification","valueRequired":true,"valueName":"search_term_string"}}],"inLanguage":"es"},{"@type":"Organization","@id":"https:\/\/mezcaliba.com\/es\/#organization","name":"Mezcal iB\u00c1","url":"https:\/\/mezcaliba.com\/es\/","logo":{"@type":"ImageObject","inLanguage":"es","@id":"https:\/\/mezcaliba.com\/es\/#\/schema\/logo\/image\/","url":"https:\/\/mezcaliba.com\/wp-content\/uploads\/2025\/05\/LOGO-negro.png","contentUrl":"https:\/\/mezcaliba.com\/wp-content\/uploads\/2025\/05\/LOGO-negro.png","width":70,"height":50,"caption":"Mezcal iB\u00c1"},"image":{"@id":"https:\/\/mezcaliba.com\/es\/#\/schema\/logo\/image\/"}},{"@type":"Person","@id":"https:\/\/mezcaliba.com\/es\/#\/schema\/person\/ab228a0d3ea23ae13963310904a87aa9","name":"IB\u00c1 Mezcal","image":{"@type":"ImageObject","inLanguage":"es","@id":"https:\/\/mezcaliba.com\/wp-content\/uploads\/2025\/05\/ESPADIN-150x150.jpg","url":"https:\/\/mezcaliba.com\/wp-content\/uploads\/2025\/05\/ESPADIN-150x150.jpg","contentUrl":"https:\/\/mezcaliba.com\/wp-content\/uploads\/2025\/05\/ESPADIN-150x150.jpg","caption":"IB\u00c1 Mezcal"},"url":"#"}]}},"modified_by":null,"_links":{"self":[{"href":"https:\/\/mezcaliba.com\/es\/wp-json\/wp\/v2\/posts\/1680","targetHints":{"allow":["GET"]}}],"collection":[{"href":"https:\/\/mezcaliba.com\/es\/wp-json\/wp\/v2\/posts"}],"about":[{"href":"https:\/\/mezcaliba.com\/es\/wp-json\/wp\/v2\/types\/post"}],"author":[{"embeddable":true,"href":"https:\/\/mezcaliba.com\/es\/wp-json\/wp\/v2\/users\/3"}],"replies":[{"embeddable":true,"href":"https:\/\/mezcaliba.com\/es\/wp-json\/wp\/v2\/comments?post=1680"}],"version-history":[{"count":8,"href":"https:\/\/mezcaliba.com\/es\/wp-json\/wp\/v2\/posts\/1680\/revisions"}],"predecessor-version":[{"id":1740,"href":"https:\/\/mezcaliba.com\/es\/wp-json\/wp\/v2\/posts\/1680\/revisions\/1740"}],"wp:featuredmedia":[{"embeddable":true,"href":"https:\/\/mezcaliba.com\/es\/wp-json\/wp\/v2\/media\/1587"}],"wp:attachment":[{"href":"https:\/\/mezcaliba.com\/es\/wp-json\/wp\/v2\/media?parent=1680"}],"wp:term":[{"taxonomy":"category","embeddable":true,"href":"https:\/\/mezcaliba.com\/es\/wp-json\/wp\/v2\/categories?post=1680"},{"taxonomy":"post_tag","embeddable":true,"href":"https:\/\/mezcaliba.com\/es\/wp-json\/wp\/v2\/tags?post=1680"}],"curies":[{"name":"wp","href":"https:\/\/api.w.org\/{rel}","templated":true}]}}